{"id":1437,"date":"2024-10-03T10:51:51","date_gmt":"2024-10-03T10:51:51","guid":{"rendered":"https:\/\/iblue-congress.com\/?page_id=1437"},"modified":"2026-02-24T07:21:29","modified_gmt":"2026-02-24T07:21:29","slug":"jose-juan-lorenzo","status":"publish","type":"post","link":"https:\/\/iblue-congress.com\/en\/jose-juan-lorenzo\/","title":{"rendered":"Jos\u00e9 Juan Lorenzo"},"content":{"rendered":"<div data-elementor-type=\"wp-page\" data-elementor-id=\"1437\" class=\"elementor elementor-1437\">\n\t\t\t\t<div class=\"elementor-element elementor-element-1f319da2 e-flex e-con-boxed wpr-particle-no wpr-jarallax-no wpr-parallax-no wpr-sticky-section-no wpr-column-slider-no wpr-equal-height-no e-con e-parent\" data-id=\"1f319da2\" data-element_type=\"container\" data-e-type=\"container\">\n\t\t\t\t\t<div class=\"e-con-inner\">\n\t\t<div class=\"elementor-element elementor-element-35a4706b e-con-full e-flex wpr-particle-no wpr-jarallax-no wpr-parallax-no wpr-sticky-section-no wpr-column-slider-no wpr-equal-height-no e-con e-child\" data-id=\"35a4706b\" data-element_type=\"container\" data-e-type=\"container\">\n\t\t\t\t<div class=\"elementor-element elementor-element-3d4ae9c5 elementor-widget elementor-widget-image\" data-id=\"3d4ae9c5\" data-element_type=\"widget\" data-e-type=\"widget\" data-widget_type=\"image.default\">\n\t\t\t\t<div class=\"elementor-widget-container\">\n\t\t\t\t\t\t\t\t\t\t\t\t\t\t\t<img fetchpriority=\"high\" decoding=\"async\" width=\"512\" height=\"512\" src=\"https:\/\/iblue-congress.com\/wp-content\/uploads\/2024\/10\/JoseJuan-Lorenzo.png\" class=\"attachment-full size-full wp-image-1440\" alt=\"\" srcset=\"https:\/\/iblue-congress.com\/wp-content\/uploads\/2024\/10\/JoseJuan-Lorenzo.png 512w, https:\/\/iblue-congress.com\/wp-content\/uploads\/2024\/10\/JoseJuan-Lorenzo-300x300.png 300w, https:\/\/iblue-congress.com\/wp-content\/uploads\/2024\/10\/JoseJuan-Lorenzo-150x150.png 150w, https:\/\/iblue-congress.com\/wp-content\/uploads\/2024\/10\/JoseJuan-Lorenzo-12x12.png 12w, https:\/\/iblue-congress.com\/wp-content\/uploads\/2024\/10\/JoseJuan-Lorenzo-100x100.png 100w\" sizes=\"(max-width: 512px) 100vw, 512px\" \/>\t\t\t\t\t\t\t\t\t\t\t\t\t\t\t<\/div>\n\t\t\t\t<\/div>\n\t\t\t\t<\/div>\n\t\t<div class=\"elementor-element elementor-element-1f25b444 e-con-full e-flex wpr-particle-no wpr-jarallax-no wpr-parallax-no wpr-sticky-section-no wpr-column-slider-no wpr-equal-height-no e-con e-child\" data-id=\"1f25b444\" data-element_type=\"container\" data-e-type=\"container\">\n\t\t\t\t<div class=\"elementor-element elementor-element-4219762c elementor-widget elementor-widget-heading\" data-id=\"4219762c\" data-element_type=\"widget\" data-e-type=\"widget\" data-widget_type=\"heading.default\">\n\t\t\t\t<div class=\"elementor-widget-container\">\n\t\t\t\t\t<h1 class=\"elementor-heading-title elementor-size-default\">Jos\u00e9 Juan Lorenzo<\/h1>\t\t\t\t<\/div>\n\t\t\t\t<\/div>\n\t\t\t\t<div class=\"elementor-element elementor-element-71f29119 elementor-widget elementor-widget-heading\" data-id=\"71f29119\" data-element_type=\"widget\" data-e-type=\"widget\" data-widget_type=\"heading.default\">\n\t\t\t\t<div class=\"elementor-widget-container\">\n\t\t\t\t\t<h2 class=\"elementor-heading-title elementor-size-default\">Director gerente Promotur<\/h2>\t\t\t\t<\/div>\n\t\t\t\t<\/div>\n\t\t\t\t<div class=\"elementor-element elementor-element-fc97bff elementor-widget elementor-widget-text-editor\" data-id=\"fc97bff\" data-element_type=\"widget\" data-e-type=\"widget\" data-widget_type=\"text-editor.default\">\n\t\t\t\t<div class=\"elementor-widget-container\">\n\t\t\t\t\t\t\t\t\t<p>Ingeniero industrial especializado en organizaci\u00f3n industrial por la Universidad Polit\u00e9cnica de Madrid, con m\u00e1s de 25 a\u00f1os de experiencia dirigiendo proyectos tanto en el sector p\u00fablico como privado. Los sectores en los que tengo experiencia son: industrial, tecnol\u00f3gico, gesti\u00f3n de residuos y con especial dedicaci\u00f3n al sector tur\u00edstico.<br \/><br \/>Durante mi carrera profesional, he dirigido proyectos de modelo negocio de plataforma y ecosistemas, inteligencia artificial, ciudades inteligentes, transformaci\u00f3n digital, conducci\u00f3n aut\u00f3noma y el\u00e9ctrica, cambio clim\u00e1tico y eficiencia energ\u00e9tica, custodia del territorio, planificaci\u00f3n estrat\u00e9gica, experiencia del cliente, marketing inbound, desarrollo organizacional e implementaci\u00f3n de sistemas de calidad.<\/p>\t\t\t\t\t\t\t\t<\/div>\n\t\t\t\t<\/div>\n\t\t\t\t<\/div>\n\t\t\t\t\t<\/div>\n\t\t\t\t<\/div>\n\t\t<div class=\"elementor-element elementor-element-770b9b54 e-flex e-con-boxed wpr-particle-no wpr-jarallax-no wpr-parallax-no wpr-sticky-section-no wpr-column-slider-no wpr-equal-height-no e-con e-parent\" data-id=\"770b9b54\" data-element_type=\"container\" data-e-type=\"container\">\n\t\t\t\t\t<div class=\"e-con-inner\">\n\t\t\t\t<div class=\"elementor-element elementor-element-66d1b140 elementor-widget elementor-widget-text-editor\" data-id=\"66d1b140\" data-element_type=\"widget\" data-e-type=\"widget\" data-widget_type=\"text-editor.default\">\n\t\t\t\t<div class=\"elementor-widget-container\">\n\t\t\t\t\t\t\t\t\t<p>Soy una persona muy motivada y con un gran compromiso para lograr los objetivos de todos los proyectos que dirijo, construyendo redes de colaboraci\u00f3n, con gran pasi\u00f3n, perseverancia y dedicaci\u00f3n a los planes.<br \/><br \/>Estoy continuamente aprendiendo, todos los d\u00edas busco formas de mejorar y adquirir conocimientos en diferentes campos. Hago esto con el uso de recursos en l\u00ednea como LinkedIn Learning, YouTube, Twitter y leyendo trabajos acad\u00e9micos.<br \/><br \/>Creo firmemente en el poder de la innovaci\u00f3n, creo que las empresas deber\u00edan adoptar una cultura de organizaci\u00f3n abierta. Donde las personas pueden trabajar en equipo, colaborar y competir con otros equipos para desarrollar su potencial.<br \/><br \/>En t\u00e9rminos de tecnolog\u00eda, creo en los est\u00e1ndares abiertos y el c\u00f3digo abierto. Especialmente en Inteligencia Artificial, IoT, Tecnolog\u00eda en la Nube y el uso de t\u00e9cnicas de desarrollo \u00e1giles.<br \/><br \/>Creo que, en los pr\u00f3ximos treinta a\u00f1os, el mundo ser\u00e1 carbono neutral, y el camino hacia este fant\u00e1stico logro es a trav\u00e9s del uso de energ\u00edas renovables, la adopci\u00f3n de movilidad el\u00e9ctrica y el cambio de una econom\u00eda lineal a una circular.<\/p>\t\t\t\t\t\t\t\t<\/div>\n\t\t\t\t<\/div>\n\t\t\t\t\t<\/div>\n\t\t\t\t<\/div>\n\t\t\t\t<\/div>","protected":false},"excerpt":{"rendered":"<p>Jos\u00e9 Juan Lorenzo Director gerente Promotur Ingeniero industrial especializado en organizaci\u00f3n industrial por la Universidad Polit\u00e9cnica de Madrid, con m\u00e1s de 25<\/p>","protected":false},"author":2,"featured_media":0,"comment_status":"closed","ping_status":"closed","sticky":false,"template":"elementor_header_footer","format":"standard","meta":{"footnotes":""},"categories":[9],"tags":[],"class_list":["post-1437","post","type-post","status-publish","format-standard","hentry","category-9"],"_links":{"self":[{"href":"https:\/\/iblue-congress.com\/en\/wp-json\/wp\/v2\/posts\/1437","targetHints":{"allow":["GET"]}}],"collection":[{"href":"https:\/\/iblue-congress.com\/en\/wp-json\/wp\/v2\/posts"}],"about":[{"href":"https:\/\/iblue-congress.com\/en\/wp-json\/wp\/v2\/types\/post"}],"author":[{"embeddable":true,"href":"https:\/\/iblue-congress.com\/en\/wp-json\/wp\/v2\/users\/2"}],"replies":[{"embeddable":true,"href":"https:\/\/iblue-congress.com\/en\/wp-json\/wp\/v2\/comments?post=1437"}],"version-history":[{"count":7,"href":"https:\/\/iblue-congress.com\/en\/wp-json\/wp\/v2\/posts\/1437\/revisions"}],"predecessor-version":[{"id":1857,"href":"https:\/\/iblue-congress.com\/en\/wp-json\/wp\/v2\/posts\/1437\/revisions\/1857"}],"wp:attachment":[{"href":"https:\/\/iblue-congress.com\/en\/wp-json\/wp\/v2\/media?parent=1437"}],"wp:term":[{"taxonomy":"category","embeddable":true,"href":"https:\/\/iblue-congress.com\/en\/wp-json\/wp\/v2\/categories?post=1437"},{"taxonomy":"post_tag","embeddable":true,"href":"https:\/\/iblue-congress.com\/en\/wp-json\/wp\/v2\/tags?post=1437"}],"curies":[{"name":"wp","href":"https:\/\/api.w.org\/{rel}","templated":true}]}}