{"id":1315,"date":"2024-10-02T13:43:15","date_gmt":"2024-10-02T13:43:15","guid":{"rendered":"https:\/\/iblue-congress.com\/?page_id=1315"},"modified":"2026-02-24T07:21:34","modified_gmt":"2026-02-24T07:21:34","slug":"esther-molina","status":"publish","type":"post","link":"https:\/\/iblue-congress.com\/en\/esther-molina\/","title":{"rendered":"Esther Molina"},"content":{"rendered":"<div data-elementor-type=\"wp-page\" data-elementor-id=\"1315\" class=\"elementor elementor-1315\">\n\t\t\t\t<div class=\"elementor-element elementor-element-7d5f2db2 e-flex e-con-boxed wpr-particle-no wpr-jarallax-no wpr-parallax-no wpr-sticky-section-no wpr-column-slider-no wpr-equal-height-no e-con e-parent\" data-id=\"7d5f2db2\" data-element_type=\"container\" data-e-type=\"container\">\n\t\t\t\t\t<div class=\"e-con-inner\">\n\t\t<div class=\"elementor-element elementor-element-1b06b31f e-con-full e-flex wpr-particle-no wpr-jarallax-no wpr-parallax-no wpr-sticky-section-no wpr-column-slider-no wpr-equal-height-no e-con e-child\" data-id=\"1b06b31f\" data-element_type=\"container\" data-e-type=\"container\">\n\t\t\t\t<div class=\"elementor-element elementor-element-20c4e592 elementor-widget elementor-widget-image\" data-id=\"20c4e592\" data-element_type=\"widget\" data-e-type=\"widget\" data-widget_type=\"image.default\">\n\t\t\t\t<div class=\"elementor-widget-container\">\n\t\t\t\t\t\t\t\t\t\t\t\t\t\t\t<img fetchpriority=\"high\" decoding=\"async\" width=\"512\" height=\"512\" src=\"https:\/\/iblue-congress.com\/wp-content\/uploads\/2024\/10\/Esther-Molina-Crespo.png\" class=\"attachment-full size-full wp-image-1318\" alt=\"\" srcset=\"https:\/\/iblue-congress.com\/wp-content\/uploads\/2024\/10\/Esther-Molina-Crespo.png 512w, https:\/\/iblue-congress.com\/wp-content\/uploads\/2024\/10\/Esther-Molina-Crespo-300x300.png 300w, https:\/\/iblue-congress.com\/wp-content\/uploads\/2024\/10\/Esther-Molina-Crespo-150x150.png 150w, https:\/\/iblue-congress.com\/wp-content\/uploads\/2024\/10\/Esther-Molina-Crespo-12x12.png 12w, https:\/\/iblue-congress.com\/wp-content\/uploads\/2024\/10\/Esther-Molina-Crespo-100x100.png 100w\" sizes=\"(max-width: 512px) 100vw, 512px\" \/>\t\t\t\t\t\t\t\t\t\t\t\t\t\t\t<\/div>\n\t\t\t\t<\/div>\n\t\t\t\t<\/div>\n\t\t<div class=\"elementor-element elementor-element-5f2835a8 e-con-full e-flex wpr-particle-no wpr-jarallax-no wpr-parallax-no wpr-sticky-section-no wpr-column-slider-no wpr-equal-height-no e-con e-child\" data-id=\"5f2835a8\" data-element_type=\"container\" data-e-type=\"container\">\n\t\t\t\t<div class=\"elementor-element elementor-element-76cc086e elementor-widget elementor-widget-heading\" data-id=\"76cc086e\" data-element_type=\"widget\" data-e-type=\"widget\" data-widget_type=\"heading.default\">\n\t\t\t\t<div class=\"elementor-widget-container\">\n\t\t\t\t\t<h1 class=\"elementor-heading-title elementor-size-default\">Esther Molina<\/h1>\t\t\t\t<\/div>\n\t\t\t\t<\/div>\n\t\t\t\t<div class=\"elementor-element elementor-element-5285161b elementor-widget elementor-widget-heading\" data-id=\"5285161b\" data-element_type=\"widget\" data-e-type=\"widget\" data-widget_type=\"heading.default\">\n\t\t\t\t<div class=\"elementor-widget-container\">\n\t\t\t\t\t<h2 class=\"elementor-heading-title elementor-size-default\">Directora General Suncruise<\/h2>\t\t\t\t<\/div>\n\t\t\t\t<\/div>\n\t\t\t\t<div class=\"elementor-element elementor-element-4b4178c3 elementor-widget elementor-widget-text-editor\" data-id=\"4b4178c3\" data-element_type=\"widget\" data-e-type=\"widget\" data-widget_type=\"text-editor.default\">\n\t\t\t\t<div class=\"elementor-widget-container\">\n\t\t\t\t\t\t\t\t\t<p>Mi trayectoria profesional siempre ha estado vinculada a la empresa. Desde mi despacho profesional trabajando con Asociaciones Empresariales de distintos sectores, interactuando con Instituciones como patronal y Sindicatos y C\u00e1mara de Comercio, y tambi\u00e9n con las Administraciones competentes.<br \/>Y desde mi etapa de responsabilidad p\u00fablica, como Directora General y Delegada del Area de Promoci\u00f3n Empresarial y del Empleo.<\/p>\t\t\t\t\t\t\t\t<\/div>\n\t\t\t\t<\/div>\n\t\t\t\t<\/div>\n\t\t\t\t\t<\/div>\n\t\t\t\t<\/div>\n\t\t<div class=\"elementor-element elementor-element-3d1862e1 e-flex e-con-boxed wpr-particle-no wpr-jarallax-no wpr-parallax-no wpr-sticky-section-no wpr-column-slider-no wpr-equal-height-no e-con e-parent\" data-id=\"3d1862e1\" data-element_type=\"container\" data-e-type=\"container\">\n\t\t\t\t\t<div class=\"e-con-inner\">\n\t\t\t\t<div class=\"elementor-element elementor-element-1307ae92 elementor-widget elementor-widget-text-editor\" data-id=\"1307ae92\" data-element_type=\"widget\" data-e-type=\"widget\" data-widget_type=\"text-editor.default\">\n\t\t\t\t<div class=\"elementor-widget-container\">\n\t\t\t\t\t\t\t\t\t<p>He liderado dos proyectos empresariales propios, y como Directora de CESUR en M\u00e1laga hasta diciembre de 2019, he seguido contribuyendo a la excelencia empresarial y mejora del tejido productivo del sur de Espa\u00f1a, a la par que desde la RSC, contribuyendo a la excelencia educativa.<br \/>Las empresas contribuyen al cambio socioecon\u00f3mico, a la construcci\u00f3n de un sociedad mejor, mejorando el empleo, la educaci\u00f3n, proporcionando valor y conocimiento a las instituciones y administraciones, colaborando con \u00e9stas para dichos prop\u00f3sitos. Por ello siempre estar\u00e1 mi labor desde donde en cada momento est\u00e9, al mundo de la empresa.<br \/>Actualmente, trabajo como Gerente de la Asociaci\u00f3n SunCruise Andaluc\u00eda, con los siete Puertos de Inter\u00e9s General andaluces, para la promoci\u00f3n del destino de Cruceros, ademas de ser tertuliana en Tv y Radio locales, y abierta a la formaci\u00f3n de gesti\u00f3n de equipos y liderazgo.<br \/>Ademas Presido la Comisi\u00f3n de Turismo de CESUR, Circulo de Empresarios del Sur de Espa\u00f1a<br \/>Me encanta formarme, aprender continuamente, crecer y avanzar. <br \/>Me encanta conectar a las personas, y una buena charla de caf\u00e9.<\/p>\t\t\t\t\t\t\t\t<\/div>\n\t\t\t\t<\/div>\n\t\t\t\t\t<\/div>\n\t\t\t\t<\/div>\n\t\t\t\t<\/div>","protected":false},"excerpt":{"rendered":"<p>Esther Molina Directora General Suncruise Mi trayectoria profesional siempre ha estado vinculada a la empresa. Desde mi despacho profesional trabajando con Asociaciones<\/p>","protected":false},"author":2,"featured_media":0,"comment_status":"closed","ping_status":"closed","sticky":false,"template":"elementor_header_footer","format":"standard","meta":{"footnotes":""},"categories":[9],"tags":[],"class_list":["post-1315","post","type-post","status-publish","format-standard","hentry","category-9"],"_links":{"self":[{"href":"https:\/\/iblue-congress.com\/en\/wp-json\/wp\/v2\/posts\/1315","targetHints":{"allow":["GET"]}}],"collection":[{"href":"https:\/\/iblue-congress.com\/en\/wp-json\/wp\/v2\/posts"}],"about":[{"href":"https:\/\/iblue-congress.com\/en\/wp-json\/wp\/v2\/types\/post"}],"author":[{"embeddable":true,"href":"https:\/\/iblue-congress.com\/en\/wp-json\/wp\/v2\/users\/2"}],"replies":[{"embeddable":true,"href":"https:\/\/iblue-congress.com\/en\/wp-json\/wp\/v2\/comments?post=1315"}],"version-history":[{"count":4,"href":"https:\/\/iblue-congress.com\/en\/wp-json\/wp\/v2\/posts\/1315\/revisions"}],"predecessor-version":[{"id":1321,"href":"https:\/\/iblue-congress.com\/en\/wp-json\/wp\/v2\/posts\/1315\/revisions\/1321"}],"wp:attachment":[{"href":"https:\/\/iblue-congress.com\/en\/wp-json\/wp\/v2\/media?parent=1315"}],"wp:term":[{"taxonomy":"category","embeddable":true,"href":"https:\/\/iblue-congress.com\/en\/wp-json\/wp\/v2\/categories?post=1315"},{"taxonomy":"post_tag","embeddable":true,"href":"https:\/\/iblue-congress.com\/en\/wp-json\/wp\/v2\/tags?post=1315"}],"curies":[{"name":"wp","href":"https:\/\/api.w.org\/{rel}","templated":true}]}}